{"id":12610,"date":"2020-04-16T13:02:00","date_gmt":"2020-04-16T13:02:00","guid":{"rendered":"https:\/\/icelandseafood.com\/edicao-2020-da-seafood-expo-global-seafood-processing-global-cancelada\/"},"modified":"2025-01-17T15:23:01","modified_gmt":"2025-01-17T15:23:01","slug":"edicao-2020-da-seafood-expo-global-seafood-processing-global-cancelada","status":"publish","type":"post","link":"https:\/\/icelandseafood.com\/pt-pt\/edicao-2020-da-seafood-expo-global-seafood-processing-global-cancelada\/","title":{"rendered":"Edi\u00e7\u00e3o 2020 da Seafood Expo Global\/Seafood Processing Global Cancelada"},"content":{"rendered":"\t\t<div data-elementor-type=\"wp-post\" data-elementor-id=\"12610\" class=\"elementor elementor-12610 elementor-5015\" data-elementor-post-type=\"post\">\n\t\t\t\t<div class=\"elementor-element elementor-element-b840140 thegem-e-con-layout-thegem e-flex e-con-boxed e-con e-parent\" data-id=\"b840140\" data-element_type=\"container\" data-e-type=\"container\" data-settings=\"{&quot;thegem_container_layout&quot;:&quot;thegem&quot;}\">\r\n\t\t\t\t\t<div class=\"e-con-inner\">\r\n\t\t\t\t<div class=\"elementor-element elementor-element-53885ae flex-horizontal-align-default flex-horizontal-align-tablet-default flex-horizontal-align-mobile-default flex-vertical-align-default flex-vertical-align-tablet-default flex-vertical-align-mobile-default elementor-widget elementor-widget-text-editor\" data-id=\"53885ae\" data-element_type=\"widget\" data-e-type=\"widget\" data-widget_type=\"text-editor.default\">\n\t\t\t\t<div class=\"elementor-widget-container\">\n\t\t\t\t\t\t\t\t\t\t\t\t<div class=\"elementor-text-editor elementor-clearfix\">\r\n\t\t\t\t\t\t<p>Dada a recente decis\u00e3o de que a limita\u00e7\u00e3o de grandes eventos em Bruxelas foi estendida at\u00e9 31 de agosto de 2020 e os impactos cont\u00ednuos da COVID\u201319, incluindo restri\u00e7\u00f5es globais de viagem, e a necessidade ampla de praticar o distanciamento f\u00edsico, a Diversified Communications concluiu que \u00e9 imposs\u00edvel realizar o evento. As complexidades de organizar um evento global de frutos do mar seguro, com profissionais do setor de mais de 158 pa\u00edses em meio a uma pandemia, representam obst\u00e1culos insuper\u00e1veis.<br \/>A equipe da Seafood Expo Global\/Seafood Processing Global est\u00e1 envolvida em um planejamento intenso para a pr\u00f3xima edi\u00e7\u00e3o, programada para os dias 27 a 29 de abril de 2021 em Barcelona, Espanha.<\/p>\n<p>Leia mais no <a href=\"https:\/\/www.seafoodexpo.com\/global\/seafood-expo-global-seafood-processing-global-2020-edition-canceled\/\">site da SeafoodExpo<\/a><\/p>\n\t\t\t\t\t\t\t<\/div>\r\n\t\t\t\t\t\t\t\t\t\t<\/div>\n\t\t\t\t<\/div>\n\t\t\t\t\t<\/div>\n\t\t\t\t<\/div>\n\t\t\t\t<\/div>\n\t\t","protected":false},"excerpt":{"rendered":"<p>Dada a recente decis\u00e3o de que a limita\u00e7\u00e3o de grandes eventos em Bruxelas foi estendida at\u00e9 31 de agosto de&#8230;<\/p>\n","protected":false},"author":2,"featured_media":12658,"comment_status":"closed","ping_status":"closed","sticky":false,"template":"single-fullwidth.php","format":"standard","meta":{"_acf_changed":false,"footnotes":""},"categories":[1],"tags":[],"class_list":{"0":"post-12610","1":"post","2":"type-post","3":"status-publish","4":"format-standard","5":"has-post-thumbnail","7":"category-news"},"acf":[],"menu_order":0,"_links":{"self":[{"href":"https:\/\/icelandseafood.com\/pt-pt\/wp-json\/wp\/v2\/posts\/12610","targetHints":{"allow":["GET"]}}],"collection":[{"href":"https:\/\/icelandseafood.com\/pt-pt\/wp-json\/wp\/v2\/posts"}],"about":[{"href":"https:\/\/icelandseafood.com\/pt-pt\/wp-json\/wp\/v2\/types\/post"}],"author":[{"embeddable":true,"href":"https:\/\/icelandseafood.com\/pt-pt\/wp-json\/wp\/v2\/users\/2"}],"replies":[{"embeddable":true,"href":"https:\/\/icelandseafood.com\/pt-pt\/wp-json\/wp\/v2\/comments?post=12610"}],"version-history":[{"count":1,"href":"https:\/\/icelandseafood.com\/pt-pt\/wp-json\/wp\/v2\/posts\/12610\/revisions"}],"predecessor-version":[{"id":12611,"href":"https:\/\/icelandseafood.com\/pt-pt\/wp-json\/wp\/v2\/posts\/12610\/revisions\/12611"}],"wp:featuredmedia":[{"embeddable":true,"href":"https:\/\/icelandseafood.com\/pt-pt\/wp-json\/wp\/v2\/media\/12658"}],"wp:attachment":[{"href":"https:\/\/icelandseafood.com\/pt-pt\/wp-json\/wp\/v2\/media?parent=12610"}],"wp:term":[{"taxonomy":"category","embeddable":true,"href":"https:\/\/icelandseafood.com\/pt-pt\/wp-json\/wp\/v2\/categories?post=12610"},{"taxonomy":"post_tag","embeddable":true,"href":"https:\/\/icelandseafood.com\/pt-pt\/wp-json\/wp\/v2\/tags?post=12610"}],"curies":[{"name":"wp","href":"https:\/\/api.w.org\/{rel}","templated":true}]}}