{"id":12528,"date":"2024-03-01T09:32:15","date_gmt":"2024-03-01T09:32:15","guid":{"rendered":"https:\/\/icelandseafood.com\/estamos-muito-satisfeitos-com-a-nossa-participacao-na-fish-international-2024\/"},"modified":"2025-01-17T15:13:31","modified_gmt":"2025-01-17T15:13:31","slug":"estamos-muito-satisfeitos-com-a-nossa-participacao-na-fish-international-2024","status":"publish","type":"post","link":"https:\/\/icelandseafood.com\/pt-pt\/estamos-muito-satisfeitos-com-a-nossa-participacao-na-fish-international-2024\/","title":{"rendered":"Estamos muito satisfeitos com a nossa participa\u00e7\u00e3o na Fish International 2024"},"content":{"rendered":"\t\t<div data-elementor-type=\"wp-post\" data-elementor-id=\"12528\" class=\"elementor elementor-12528 elementor-4857\" data-elementor-post-type=\"post\">\n\t\t\t\t<div class=\"elementor-element elementor-element-b840140 thegem-e-con-layout-thegem e-flex e-con-boxed e-con e-parent\" data-id=\"b840140\" data-element_type=\"container\" data-e-type=\"container\" data-settings=\"{&quot;thegem_container_layout&quot;:&quot;thegem&quot;}\">\r\n\t\t\t\t\t<div class=\"e-con-inner\">\r\n\t\t\t\t<div class=\"elementor-element elementor-element-53885ae flex-horizontal-align-default flex-horizontal-align-tablet-default flex-horizontal-align-mobile-default flex-vertical-align-default flex-vertical-align-tablet-default flex-vertical-align-mobile-default elementor-widget elementor-widget-text-editor\" data-id=\"53885ae\" data-element_type=\"widget\" data-e-type=\"widget\" data-widget_type=\"text-editor.default\">\n\t\t\t\t<div class=\"elementor-widget-container\">\n\t\t\t\t\t\t\t\t\t\t\t\t<div class=\"elementor-text-editor elementor-clearfix\">\r\n\t\t\t\t\t\t<p>podem explorar as \u00faltimas tend\u00eancias, inova\u00e7\u00f5es e desenvolvimentos no sector das pescas.<\/p>\n<p>Este ano, a Iceland Seafood renovou o seu compromisso com esta feira, participando com o seu pr\u00f3prio stand ISG Iceland Seafood GmbH, com uma<\/p>\n<p>amostra de produtos frescos importados da Isl\u00e2ndia, bem como salm\u00e3o fumado das nossas filiais na Irlanda e em Espanha. Foi uma oportunidade \u00fanica de nos aproximarmos dos nossos clientes e de conhecermos novas oportunidades.<\/p>\n<p>Com a participa\u00e7\u00e3o de 320 expositores de 27 pa\u00edses e a ocupa\u00e7\u00e3o de um extenso espa\u00e7o de 10.300 metros quadrados, a feira posiciona-se como uma plataforma abrangente que cobre tudo, desde a pesca e aquacultura at\u00e9 \u00e0 comercializa\u00e7\u00e3o e transforma\u00e7\u00e3o de produtos da pesca. Os visitantes t\u00eam a oportunidade de conhecer de perto uma vasta gama de produtos, equipamentos, tecnologias e servi\u00e7os relacionados com o sector.<\/p>\n<p>Esta edi\u00e7\u00e3o consolidou mais uma vez a import\u00e2ncia da Fish International como um evento chave para os profissionais do sector, proporcionando um ambiente din\u00e2mico para a troca de ideias e a constru\u00e7\u00e3o de rela\u00e7\u00f5es comerciais duradouras. A feira tornou-se um f\u00f3rum vital para o estabelecimento de contactos e a promo\u00e7\u00e3o de oportunidades de colabora\u00e7\u00e3o, contribuindo assim para o crescimento e desenvolvimento cont\u00ednuos da ind\u00fastria pesqueira global.<\/p>\n<p>Vemo-nos na Fish International 2026!<\/p>\n\t\t\t\t\t\t\t<\/div>\r\n\t\t\t\t\t\t\t\t\t\t<\/div>\n\t\t\t\t<\/div>\n\t\t\t\t\t<\/div>\n\t\t\t\t<\/div>\n\t\t\t\t<\/div>\n\t\t","protected":false},"excerpt":{"rendered":"<p>A Fish International em Bremen \u00e9 um evento l\u00edder mundial no sector das pescas, reunindo profissionais, empresas e expositores de todo o mundo<\/p>\n","protected":false},"author":2,"featured_media":12626,"comment_status":"closed","ping_status":"closed","sticky":false,"template":"single-fullwidth.php","format":"standard","meta":{"_acf_changed":false,"footnotes":""},"categories":[1],"tags":[],"class_list":{"0":"post-12528","1":"post","2":"type-post","3":"status-publish","4":"format-standard","5":"has-post-thumbnail","7":"category-news"},"acf":[],"menu_order":0,"_links":{"self":[{"href":"https:\/\/icelandseafood.com\/pt-pt\/wp-json\/wp\/v2\/posts\/12528","targetHints":{"allow":["GET"]}}],"collection":[{"href":"https:\/\/icelandseafood.com\/pt-pt\/wp-json\/wp\/v2\/posts"}],"about":[{"href":"https:\/\/icelandseafood.com\/pt-pt\/wp-json\/wp\/v2\/types\/post"}],"author":[{"embeddable":true,"href":"https:\/\/icelandseafood.com\/pt-pt\/wp-json\/wp\/v2\/users\/2"}],"replies":[{"embeddable":true,"href":"https:\/\/icelandseafood.com\/pt-pt\/wp-json\/wp\/v2\/comments?post=12528"}],"version-history":[{"count":1,"href":"https:\/\/icelandseafood.com\/pt-pt\/wp-json\/wp\/v2\/posts\/12528\/revisions"}],"predecessor-version":[{"id":12529,"href":"https:\/\/icelandseafood.com\/pt-pt\/wp-json\/wp\/v2\/posts\/12528\/revisions\/12529"}],"wp:featuredmedia":[{"embeddable":true,"href":"https:\/\/icelandseafood.com\/pt-pt\/wp-json\/wp\/v2\/media\/12626"}],"wp:attachment":[{"href":"https:\/\/icelandseafood.com\/pt-pt\/wp-json\/wp\/v2\/media?parent=12528"}],"wp:term":[{"taxonomy":"category","embeddable":true,"href":"https:\/\/icelandseafood.com\/pt-pt\/wp-json\/wp\/v2\/categories?post=12528"},{"taxonomy":"post_tag","embeddable":true,"href":"https:\/\/icelandseafood.com\/pt-pt\/wp-json\/wp\/v2\/tags?post=12528"}],"curies":[{"name":"wp","href":"https:\/\/api.w.org\/{rel}","templated":true}]}}