{"id":12516,"date":"2024-10-14T09:03:42","date_gmt":"2024-10-14T09:03:42","guid":{"rendered":"https:\/\/icelandseafood.com\/celebramos-o-sucesso-da-nossa-participacao-na-conxemar-2024\/"},"modified":"2025-01-17T15:11:58","modified_gmt":"2025-01-17T15:11:58","slug":"celebramos-o-sucesso-da-nossa-participacao-na-conxemar-2024","status":"publish","type":"post","link":"https:\/\/icelandseafood.com\/pt-pt\/celebramos-o-sucesso-da-nossa-participacao-na-conxemar-2024\/","title":{"rendered":"Celebramos o sucesso da nossa participa\u00e7\u00e3o na Conxemar 2024"},"content":{"rendered":"\t\t<div data-elementor-type=\"wp-post\" data-elementor-id=\"12516\" class=\"elementor elementor-12516 elementor-4820\" data-elementor-post-type=\"post\">\n\t\t\t\t<div class=\"elementor-element elementor-element-b840140 thegem-e-con-layout-thegem e-flex e-con-boxed e-con e-parent\" data-id=\"b840140\" data-element_type=\"container\" data-e-type=\"container\" data-settings=\"{&quot;thegem_container_layout&quot;:&quot;thegem&quot;}\">\r\n\t\t\t\t\t<div class=\"e-con-inner\">\r\n\t\t\t\t<div class=\"elementor-element elementor-element-53885ae flex-horizontal-align-default flex-horizontal-align-tablet-default flex-horizontal-align-mobile-default flex-vertical-align-default flex-vertical-align-tablet-default flex-vertical-align-mobile-default elementor-widget elementor-widget-text-editor\" data-id=\"53885ae\" data-element_type=\"widget\" data-e-type=\"widget\" data-widget_type=\"text-editor.default\">\n\t\t\t\t<div class=\"elementor-widget-container\">\n\t\t\t\t\t\t\t\t\t\t\t\t<div class=\"elementor-text-editor elementor-clearfix\">\r\n\t\t\t\t\t\t<p>A Conxemar continua a ser um ponto de encontro essencial para o sector da pesca em todo o mundo e, sobretudo, para os mercados do sul da Europa. Este ano n\u00e3o foi exce\u00e7\u00e3o.<\/p>\n<p>O nosso stand de 200 metros quadrados foi um ponto de encontro animado. Apresent\u00e1mos as nossas \u00faltimas novidades, produtos e promo\u00e7\u00f5es. Foi muito bom receber muitos clientes, parceiros e novos contactos interessados nas nossas propostas. Refor\u00e7\u00e1mos o nosso compromisso com a sustentabilidade, a qualidade e a disponibilidade, que s\u00e3o os pilares da nossa empresa.<\/p>\n<p>A feira, realizada em Vigo, reuniu mais de 750 expositores numa \u00e1rea de 37.000 metros quadrados, consolidando-se mais uma vez como um dos eventos mais decisivos do sector. Sentimo-nos felizes por termos participado nesta edi\u00e7\u00e3o e por termos contribu\u00eddo para o sucesso global da Conxemar 2024.<\/p>\n<p>Gostar\u00edamos de agradecer a todos os que nos visitaram e partilharam connosco estes dias. Este sucesso refor\u00e7a a nossa posi\u00e7\u00e3o no mercado. Incentiva-nos a continuar a trabalhar para oferecer o melhor aos nossos clientes, ao mercado e \u00e0 continuidade e sustentabilidade do sector. Vemo-nos na Conxemar 2025!<\/p>\n\t\t\t\t\t\t\t<\/div>\r\n\t\t\t\t\t\t\t\t\t\t<\/div>\n\t\t\t\t<\/div>\n\t\t\t\t\t<\/div>\n\t\t\t\t<\/div>\n\t\t\t\t<\/div>\n\t\t","protected":false},"excerpt":{"rendered":"<p>Este evento \u00e9 fundamental para o nosso sector, e foi um prazer absoluto fazer parte de uma feira com mais de 27.000 visitantes profissionais de mais de cem pa\u00edses.<\/p>\n","protected":false},"author":2,"featured_media":12620,"comment_status":"closed","ping_status":"closed","sticky":false,"template":"single-fullwidth.php","format":"standard","meta":{"_acf_changed":false,"footnotes":""},"categories":[1],"tags":[],"class_list":{"0":"post-12516","1":"post","2":"type-post","3":"status-publish","4":"format-standard","5":"has-post-thumbnail","7":"category-news"},"acf":[],"menu_order":0,"_links":{"self":[{"href":"https:\/\/icelandseafood.com\/pt-pt\/wp-json\/wp\/v2\/posts\/12516","targetHints":{"allow":["GET"]}}],"collection":[{"href":"https:\/\/icelandseafood.com\/pt-pt\/wp-json\/wp\/v2\/posts"}],"about":[{"href":"https:\/\/icelandseafood.com\/pt-pt\/wp-json\/wp\/v2\/types\/post"}],"author":[{"embeddable":true,"href":"https:\/\/icelandseafood.com\/pt-pt\/wp-json\/wp\/v2\/users\/2"}],"replies":[{"embeddable":true,"href":"https:\/\/icelandseafood.com\/pt-pt\/wp-json\/wp\/v2\/comments?post=12516"}],"version-history":[{"count":1,"href":"https:\/\/icelandseafood.com\/pt-pt\/wp-json\/wp\/v2\/posts\/12516\/revisions"}],"predecessor-version":[{"id":12517,"href":"https:\/\/icelandseafood.com\/pt-pt\/wp-json\/wp\/v2\/posts\/12516\/revisions\/12517"}],"wp:featuredmedia":[{"embeddable":true,"href":"https:\/\/icelandseafood.com\/pt-pt\/wp-json\/wp\/v2\/media\/12620"}],"wp:attachment":[{"href":"https:\/\/icelandseafood.com\/pt-pt\/wp-json\/wp\/v2\/media?parent=12516"}],"wp:term":[{"taxonomy":"category","embeddable":true,"href":"https:\/\/icelandseafood.com\/pt-pt\/wp-json\/wp\/v2\/categories?post=12516"},{"taxonomy":"post_tag","embeddable":true,"href":"https:\/\/icelandseafood.com\/pt-pt\/wp-json\/wp\/v2\/tags?post=12516"}],"curies":[{"name":"wp","href":"https:\/\/api.w.org\/{rel}","templated":true}]}}