{"id":14846,"date":"2025-04-07T10:05:46","date_gmt":"2025-04-07T10:05:46","guid":{"rendered":"https:\/\/icelandseafood.com\/iceland-seafood-exposera-a-la-barcelona-seafood-expo-2025\/"},"modified":"2025-04-10T09:33:56","modified_gmt":"2025-04-10T09:33:56","slug":"iceland-seafood-exposera-a-la-barcelona-seafood-expo-2025","status":"publish","type":"post","link":"https:\/\/icelandseafood.com\/fr\/iceland-seafood-exposera-a-la-barcelona-seafood-expo-2025\/","title":{"rendered":"Iceland Seafood exposera \u00e0 la Barcelona Seafood Expo 2025"},"content":{"rendered":"\t\t<div data-elementor-type=\"wp-post\" data-elementor-id=\"14846\" class=\"elementor elementor-14846 elementor-14757\" data-elementor-post-type=\"post\">\n\t\t\t\t<div class=\"elementor-element elementor-element-b840140 thegem-e-con-layout-thegem e-flex e-con-boxed e-con e-parent\" data-id=\"b840140\" data-element_type=\"container\" data-e-type=\"container\" data-settings=\"{&quot;thegem_container_layout&quot;:&quot;thegem&quot;}\">\r\n\t\t\t\t\t<div class=\"e-con-inner\">\r\n\t\t\t\t<div class=\"elementor-element elementor-element-53885ae flex-horizontal-align-default flex-horizontal-align-tablet-default flex-horizontal-align-mobile-default flex-vertical-align-default flex-vertical-align-tablet-default flex-vertical-align-mobile-default elementor-widget elementor-widget-text-editor\" data-id=\"53885ae\" data-element_type=\"widget\" data-e-type=\"widget\" data-widget_type=\"text-editor.default\">\n\t\t\t\t<div class=\"elementor-widget-container\">\n\t\t\t\t\t\t\t\t\t\t\t\t<div class=\"elementor-text-editor elementor-clearfix\">\r\n\t\t\t\t\t\t<p>Iceland Seafood est fier d&rsquo;annoncer sa participation \u00e0 la prochaine Barcelona Seafood Expo 2025, qui se tiendra du 6 au 8 mai 2025 \u00e0 la Fira de Barcelona Gran Via.<\/p>\n\t\t\t\t\t\t\t<\/div>\r\n\t\t\t\t\t\t\t\t\t\t<\/div>\n\t\t\t\t<\/div>\n\t\t<div class=\"elementor-element elementor-element-d7dfbb8 e-con-full thegem-e-con-layout-elementor e-flex e-con e-child\" data-id=\"d7dfbb8\" data-element_type=\"container\" data-e-type=\"container\" data-settings=\"{&quot;thegem_container_layout&quot;:&quot;elementor&quot;}\">\r\n\t\t\t\t<div class=\"elementor-element elementor-element-dfc96be flex-horizontal-align-default flex-horizontal-align-tablet-default flex-horizontal-align-mobile-default flex-vertical-align-default flex-vertical-align-tablet-default flex-vertical-align-mobile-default elementor-widget elementor-widget-text-editor\" data-id=\"dfc96be\" data-element_type=\"widget\" data-e-type=\"widget\" data-widget_type=\"text-editor.default\">\n\t\t\t\t<div class=\"elementor-widget-container\">\n\t\t\t\t\t\t\t\t\t\t\t\t<div class=\"elementor-text-editor elementor-clearfix\">\r\n\t\t\t\t\t\t<p>Sur notre stand #2G701, vous trouverez toutes les entreprises de la famille Iceland Seafood :<\/p>\n<p>&#8211; Iceland Seafood Iceland<br \/>\n&#8211; Iceland Seafood Ib\u00e9rica<br \/>\n&#8211; Iceland Seafood Allemagne<br \/>\n&#8211; Iceland Seafood France<br \/>\n&#8211; Achernar<br \/>\n&#8211; Oceanpath<br \/>\n&#8211; Ahumados Dom\u00ednguez<\/p>\n\t\t\t\t\t\t\t<\/div>\r\n\t\t\t\t\t\t\t\t\t\t<\/div>\n\t\t\t\t<\/div>\n\t\t\t\t<\/div>\n\t\t\t\t<div class=\"elementor-element elementor-element-c36f8ec flex-horizontal-align-default flex-horizontal-align-tablet-default flex-horizontal-align-mobile-default flex-vertical-align-default flex-vertical-align-tablet-default flex-vertical-align-mobile-default elementor-widget elementor-widget-text-editor\" data-id=\"c36f8ec\" data-element_type=\"widget\" data-e-type=\"widget\" data-widget_type=\"text-editor.default\">\n\t\t\t\t<div class=\"elementor-widget-container\">\n\t\t\t\t\t\t\t\t\t\t\t\t<div class=\"elementor-text-editor elementor-clearfix\">\r\n\t\t\t\t\t\t<p>Nous invitons tous les professionnels de l&rsquo;industrie, les acheteurs et les partenaires \u00e0 visiter notre stand, \u00e0 explorer notre portefeuille diversifi\u00e9 et \u00e0 discuter des derni\u00e8res tendances du march\u00e9 mondial des produits de la mer. Nous sommes impatients de pr\u00e9senter notre patrimoine et notre expertise et de cr\u00e9er de nouvelles opportunit\u00e9s lors de cet \u00e9v\u00e9nement de premier plan \u00e0 Barcelone.<\/p>\n<p>Pour plus d&rsquo;informations sur notre participation \u00e0 l&rsquo;\u00e9v\u00e9nement, veuillez vous adresser \u00e0 la personne de contact de votre entreprise. Nous avons h\u00e2te de vous voir \u00e0 Barcelone !<\/p>\n\t\t\t\t\t\t\t<\/div>\r\n\t\t\t\t\t\t\t\t\t\t<\/div>\n\t\t\t\t<\/div>\n\t\t\t\t<div class=\"elementor-element elementor-element-392dbc5 flex-horizontal-align-default flex-horizontal-align-tablet-default flex-horizontal-align-mobile-default flex-vertical-align-default flex-vertical-align-tablet-default flex-vertical-align-mobile-default elementor-widget elementor-widget-video\" data-id=\"392dbc5\" data-element_type=\"widget\" data-e-type=\"widget\" data-settings=\"{&quot;youtube_url&quot;:&quot;https:\\\/\\\/youtu.be\\\/DAI3JM1HiV4&quot;,&quot;video_type&quot;:&quot;youtube&quot;,&quot;controls&quot;:&quot;yes&quot;}\" data-widget_type=\"video.default\">\n\t\t\t\t<div class=\"elementor-widget-container\">\n\t\t\t\t\t\t\t<div class=\"elementor-wrapper elementor-open-inline\">\n\t\t\t<div class=\"elementor-video\"><\/div>\t\t<\/div>\n\t\t\t\t\t\t<\/div>\n\t\t\t\t<\/div>\n\t\t\t\t\t<\/div>\n\t\t\t\t<\/div>\n\t\t\t\t<\/div>\n\t\t","protected":false},"excerpt":{"rendered":"<p>Iceland Seafood est fier d&rsquo;annoncer sa participation \u00e0 la prochaine Barcelona Seafood Expo 2025, qui se tiendra du 6 au 8 mai 2025 \u00e0 la Fira de Barcelona Gran Via. <\/p>\n","protected":false},"author":4,"featured_media":14768,"comment_status":"closed","ping_status":"closed","sticky":false,"template":"single-fullwidth.php","format":"standard","meta":{"_acf_changed":false,"footnotes":""},"categories":[1],"tags":[],"class_list":{"0":"post-14846","1":"post","2":"type-post","3":"status-publish","4":"format-standard","5":"has-post-thumbnail","7":"category-news"},"acf":[],"menu_order":0,"_links":{"self":[{"href":"https:\/\/icelandseafood.com\/fr\/wp-json\/wp\/v2\/posts\/14846","targetHints":{"allow":["GET"]}}],"collection":[{"href":"https:\/\/icelandseafood.com\/fr\/wp-json\/wp\/v2\/posts"}],"about":[{"href":"https:\/\/icelandseafood.com\/fr\/wp-json\/wp\/v2\/types\/post"}],"author":[{"embeddable":true,"href":"https:\/\/icelandseafood.com\/fr\/wp-json\/wp\/v2\/users\/4"}],"replies":[{"embeddable":true,"href":"https:\/\/icelandseafood.com\/fr\/wp-json\/wp\/v2\/comments?post=14846"}],"version-history":[{"count":1,"href":"https:\/\/icelandseafood.com\/fr\/wp-json\/wp\/v2\/posts\/14846\/revisions"}],"predecessor-version":[{"id":14847,"href":"https:\/\/icelandseafood.com\/fr\/wp-json\/wp\/v2\/posts\/14846\/revisions\/14847"}],"wp:featuredmedia":[{"embeddable":true,"href":"https:\/\/icelandseafood.com\/fr\/wp-json\/wp\/v2\/media\/14768"}],"wp:attachment":[{"href":"https:\/\/icelandseafood.com\/fr\/wp-json\/wp\/v2\/media?parent=14846"}],"wp:term":[{"taxonomy":"category","embeddable":true,"href":"https:\/\/icelandseafood.com\/fr\/wp-json\/wp\/v2\/categories?post=14846"},{"taxonomy":"post_tag","embeddable":true,"href":"https:\/\/icelandseafood.com\/fr\/wp-json\/wp\/v2\/tags?post=14846"}],"curies":[{"name":"wp","href":"https:\/\/api.w.org\/{rel}","templated":true}]}}