{"id":14593,"date":"2022-09-22T12:52:00","date_gmt":"2022-09-22T12:52:00","guid":{"rendered":"https:\/\/icelandseafood.com\/etes-vous-pret-pour-conxemar-2022-nous-oui\/"},"modified":"2025-03-31T10:57:34","modified_gmt":"2025-03-31T10:57:34","slug":"etes-vous-pret-pour-conxemar-2022-nous-oui","status":"publish","type":"post","link":"https:\/\/icelandseafood.com\/fr\/etes-vous-pret-pour-conxemar-2022-nous-oui\/","title":{"rendered":"\u00cates-vous pr\u00eat pour Conxemar 2022 ? \u2013 Nous, oui !"},"content":{"rendered":"\t\t<div data-elementor-type=\"wp-post\" data-elementor-id=\"14593\" class=\"elementor elementor-14593 elementor-5245\" data-elementor-post-type=\"post\">\n\t\t\t\t<div class=\"elementor-element elementor-element-b840140 thegem-e-con-layout-thegem e-flex e-con-boxed e-con e-parent\" data-id=\"b840140\" data-element_type=\"container\" data-e-type=\"container\" data-settings=\"{&quot;thegem_container_layout&quot;:&quot;thegem&quot;}\">\r\n\t\t\t\t\t<div class=\"e-con-inner\">\r\n\t\t\t\t<div class=\"elementor-element elementor-element-53885ae flex-horizontal-align-default flex-horizontal-align-tablet-default flex-horizontal-align-mobile-default flex-vertical-align-default flex-vertical-align-tablet-default flex-vertical-align-mobile-default elementor-widget elementor-widget-text-editor\" data-id=\"53885ae\" data-element_type=\"widget\" data-e-type=\"widget\" data-widget_type=\"text-editor.default\">\n\t\t\t\t<div class=\"elementor-widget-container\">\n\t\t\t\t\t\t\t\t\t\t\t\t<div class=\"elementor-text-editor elementor-clearfix\">\r\n\t\t\t\t\t\t<p>Durant les trois jours de la foire, Iceland Seafood Ib\u00e9rica aura une grande repr\u00e9sentation de sa d\u00e9l\u00e9gation corporate et commerciale, de la direction du groupe, ainsi que de nombreux de ses principaux fournisseurs. C\u2019est une occasion unique de rencontrer, de go\u00fbter nos produits pr\u00e9par\u00e9s par le Chef Snorri et le Chef Javier, et de discuter avec de vieux et nouveaux amis du secteur.<\/p>\n<p>Lors de cette vingt-troisi\u00e8me \u00e9dition, un nouveau pavillon de 5 000 m2 sera mis en fonctionnement, ce qui portera la surface totale du salon CONXEMAR \u00e0 37 000 m2, augmentant ainsi de 33 % la surface d\u2019exposition et permettant de d\u00e9passer les 700 exposants.<\/p>\n<p>L\u2019Association des Grossistes, Importateurs, Transformateurs et Exportateurs de Produits de la Mer et de l\u2019Aquaculture, CONXEMAR, qui repr\u00e9sente 228 entreprises et concentre plus de la moiti\u00e9 des revenus et emplois de l\u2019ensemble du secteur, organise la XXIIIe Foire Internationale des Produits de la Mer Surgel\u00e9s, du 4 au 6 octobre, \u00e0 l\u2019INSTITUT FERIAL DE VIGO (IFEVI).<\/p>\n<p>Cette \u00e9dition accueillera des repr\u00e9sentations de 43 pays, y compris le Gambie, la Finlande, l\u2019\u00c9gypte et la R\u00e9publique tch\u00e8que. Il y aura \u00e9galement 18 pavillons (dont 17 internationaux), y compris le Minist\u00e8re des Politiques Agricoles Alimentaires et Forestali d\u2019Italie, qui visite pour la premi\u00e8re fois la foire, ainsi que Pro Ecuador (Bureau du Commerce de la R\u00e9publique de l\u2019\u00c9quateur en Espagne).<\/p>\n<p>Nous avons h\u00e2te de vous voir \u00e0 Conxemar, sur notre stand H7.<\/p>\n<p>La famille Iceland Seafood.<\/p>\n\t\t\t\t\t\t\t<\/div>\r\n\t\t\t\t\t\t\t\t\t\t<\/div>\n\t\t\t\t<\/div>\n\t\t\t\t\t<\/div>\n\t\t\t\t<\/div>\n\t\t\t\t<\/div>\n\t\t","protected":false},"excerpt":{"rendered":"<p>Le mardi 4 octobre marquera l\u2019ouverture d\u2019une nouvelle \u00e9dition de CONXEMAR. Apr\u00e8s avoir surmont\u00e9 les restrictions qui nous ont encore affect\u00e9s lors de la derni\u00e8re \u00e9dition, ce salon sera \u00e0 nouveau un \u00e9v\u00e9nement incontournable pour le secteur des produits de la mer en Europe du Sud.<\/p>\n","protected":false},"author":2,"featured_media":0,"comment_status":"closed","ping_status":"closed","sticky":false,"template":"single-fullwidth.php","format":"standard","meta":{"_acf_changed":false,"footnotes":""},"categories":[1],"tags":[],"class_list":{"0":"post-14593","1":"post","2":"type-post","3":"status-publish","4":"format-standard","6":"category-news"},"acf":[],"menu_order":0,"_links":{"self":[{"href":"https:\/\/icelandseafood.com\/fr\/wp-json\/wp\/v2\/posts\/14593","targetHints":{"allow":["GET"]}}],"collection":[{"href":"https:\/\/icelandseafood.com\/fr\/wp-json\/wp\/v2\/posts"}],"about":[{"href":"https:\/\/icelandseafood.com\/fr\/wp-json\/wp\/v2\/types\/post"}],"author":[{"embeddable":true,"href":"https:\/\/icelandseafood.com\/fr\/wp-json\/wp\/v2\/users\/2"}],"replies":[{"embeddable":true,"href":"https:\/\/icelandseafood.com\/fr\/wp-json\/wp\/v2\/comments?post=14593"}],"version-history":[{"count":1,"href":"https:\/\/icelandseafood.com\/fr\/wp-json\/wp\/v2\/posts\/14593\/revisions"}],"predecessor-version":[{"id":14594,"href":"https:\/\/icelandseafood.com\/fr\/wp-json\/wp\/v2\/posts\/14593\/revisions\/14594"}],"wp:attachment":[{"href":"https:\/\/icelandseafood.com\/fr\/wp-json\/wp\/v2\/media?parent=14593"}],"wp:term":[{"taxonomy":"category","embeddable":true,"href":"https:\/\/icelandseafood.com\/fr\/wp-json\/wp\/v2\/categories?post=14593"},{"taxonomy":"post_tag","embeddable":true,"href":"https:\/\/icelandseafood.com\/fr\/wp-json\/wp\/v2\/tags?post=14593"}],"curies":[{"name":"wp","href":"https:\/\/api.w.org\/{rel}","templated":true}]}}