{"id":14587,"date":"2022-09-02T12:49:00","date_gmt":"2022-09-02T12:49:00","guid":{"rendered":"https:\/\/icelandseafood.com\/retour-a-fish-international-bremen\/"},"modified":"2025-03-31T10:54:56","modified_gmt":"2025-03-31T10:54:56","slug":"retour-a-fish-international-bremen","status":"publish","type":"post","link":"https:\/\/icelandseafood.com\/fr\/retour-a-fish-international-bremen\/","title":{"rendered":"Retour \u00e0 Fish International Bremen"},"content":{"rendered":"\t\t<div data-elementor-type=\"wp-post\" data-elementor-id=\"14587\" class=\"elementor elementor-14587 elementor-5238\" data-elementor-post-type=\"post\">\n\t\t\t\t<div class=\"elementor-element elementor-element-b840140 thegem-e-con-layout-thegem e-flex e-con-boxed e-con e-parent\" data-id=\"b840140\" data-element_type=\"container\" data-e-type=\"container\" data-settings=\"{&quot;thegem_container_layout&quot;:&quot;thegem&quot;}\">\r\n\t\t\t\t\t<div class=\"e-con-inner\">\r\n\t\t\t\t<div class=\"elementor-element elementor-element-53885ae flex-horizontal-align-default flex-horizontal-align-tablet-default flex-horizontal-align-mobile-default flex-vertical-align-default flex-vertical-align-tablet-default flex-vertical-align-mobile-default elementor-widget elementor-widget-text-editor\" data-id=\"53885ae\" data-element_type=\"widget\" data-e-type=\"widget\" data-widget_type=\"text-editor.default\">\n\t\t\t\t<div class=\"elementor-widget-container\">\n\t\t\t\t\t\t\t\t\t\t\t\t<div class=\"elementor-text-editor elementor-clearfix\">\r\n\t\t\t\t\t\t<p>Apr\u00e8s avoir d\u00fb reporter la foire en raison de la pand\u00e9mie, Fish International Bremen se tiendra de nouveau du 4 au 6 septembre 2022. Iceland Seafood participera avec son propre stand (stand 5J44) et la pr\u00e9sence de notre \u00e9quipe en Allemagne. Nous avons h\u00e2te de vous retrouver pour partager nos nouveaux produits et rester en contact. \u00c0 bient\u00f4t \u00e0 Bremen !<\/p>\n\t\t\t\t\t\t\t<\/div>\r\n\t\t\t\t\t\t\t\t\t\t<\/div>\n\t\t\t\t<\/div>\n\t\t\t\t\t<\/div>\n\t\t\t\t<\/div>\n\t\t\t\t<\/div>\n\t\t","protected":false},"excerpt":{"rendered":"<p>Fish International Bremen se tiendra \u00e0 nouveau du 4 au 6 septembre 2022.<\/p>\n","protected":false},"author":2,"featured_media":0,"comment_status":"closed","ping_status":"closed","sticky":false,"template":"single-fullwidth.php","format":"standard","meta":{"_acf_changed":false,"footnotes":""},"categories":[1],"tags":[],"class_list":{"0":"post-14587","1":"post","2":"type-post","3":"status-publish","4":"format-standard","6":"category-news"},"acf":[],"menu_order":0,"_links":{"self":[{"href":"https:\/\/icelandseafood.com\/fr\/wp-json\/wp\/v2\/posts\/14587","targetHints":{"allow":["GET"]}}],"collection":[{"href":"https:\/\/icelandseafood.com\/fr\/wp-json\/wp\/v2\/posts"}],"about":[{"href":"https:\/\/icelandseafood.com\/fr\/wp-json\/wp\/v2\/types\/post"}],"author":[{"embeddable":true,"href":"https:\/\/icelandseafood.com\/fr\/wp-json\/wp\/v2\/users\/2"}],"replies":[{"embeddable":true,"href":"https:\/\/icelandseafood.com\/fr\/wp-json\/wp\/v2\/comments?post=14587"}],"version-history":[{"count":1,"href":"https:\/\/icelandseafood.com\/fr\/wp-json\/wp\/v2\/posts\/14587\/revisions"}],"predecessor-version":[{"id":14588,"href":"https:\/\/icelandseafood.com\/fr\/wp-json\/wp\/v2\/posts\/14587\/revisions\/14588"}],"wp:attachment":[{"href":"https:\/\/icelandseafood.com\/fr\/wp-json\/wp\/v2\/media?parent=14587"}],"wp:term":[{"taxonomy":"category","embeddable":true,"href":"https:\/\/icelandseafood.com\/fr\/wp-json\/wp\/v2\/categories?post=14587"},{"taxonomy":"post_tag","embeddable":true,"href":"https:\/\/icelandseafood.com\/fr\/wp-json\/wp\/v2\/tags?post=14587"}],"curies":[{"name":"wp","href":"https:\/\/api.w.org\/{rel}","templated":true}]}}