{"id":11824,"date":"2023-05-02T13:10:00","date_gmt":"2023-05-02T13:10:00","guid":{"rendered":"https:\/\/icelandseafood.com\/barcelona-seafood-expo-global-exito-de-asistencia-y-buenas-perspectivas-de-negocio\/"},"modified":"2025-01-08T18:21:02","modified_gmt":"2025-01-08T18:21:02","slug":"barcelona-seafood-expo-global-exito-de-asistencia-y-buenas-perspectivas-de-negocio","status":"publish","type":"post","link":"https:\/\/icelandseafood.com\/es\/barcelona-seafood-expo-global-exito-de-asistencia-y-buenas-perspectivas-de-negocio\/","title":{"rendered":"Barcelona Seafood Expo Global: \u00e9xito de asistencia y buenas perspectivas de negocio"},"content":{"rendered":"\t\t<div data-elementor-type=\"wp-post\" data-elementor-id=\"11824\" class=\"elementor elementor-11824 elementor-5282\" data-elementor-post-type=\"post\">\n\t\t\t\t<div class=\"elementor-element elementor-element-b840140 thegem-e-con-layout-thegem e-flex e-con-boxed e-con e-parent\" data-id=\"b840140\" data-element_type=\"container\" data-e-type=\"container\" data-settings=\"{&quot;thegem_container_layout&quot;:&quot;thegem&quot;}\">\r\n\t\t\t\t\t<div class=\"e-con-inner\">\r\n\t\t\t\t<div class=\"elementor-element elementor-element-53885ae flex-horizontal-align-default flex-horizontal-align-tablet-default flex-horizontal-align-mobile-default flex-vertical-align-default flex-vertical-align-tablet-default flex-vertical-align-mobile-default elementor-widget elementor-widget-text-editor\" data-id=\"53885ae\" data-element_type=\"widget\" data-e-type=\"widget\" data-widget_type=\"text-editor.default\">\n\t\t\t\t<div class=\"elementor-widget-container\">\n\t\t\t\t\t\t\t\t\t\t\t\t<div class=\"elementor-text-editor elementor-clearfix\">\r\n\t\t\t\t\t\t<p>Con esta ampliaci\u00f3n, el certamen acogi\u00f3 a 2.078 empresas expositoras de 87 pa\u00edses, incluidas 847 que debutaban en esta edici\u00f3n. La feria tambi\u00e9n cont\u00f3 con 68 pabellones nacionales y regionales, que mostraron ofertas y especialidades \u00fanicas de marisco de todo el mundo.<\/p>\n<p>El evento atrajo a un total de 33.000 asistentes, una cifra impresionante que subraya a\u00fan m\u00e1s la importancia del certamen como foro fundamental para que la industria de los productos del mar muestre sus productos, innovaciones y pr\u00e1cticas sostenibles a un p\u00fablico mundial.<\/p>\n<p>Nuestro stand en la feria, de casi 300 m2, estuvo muy concurrido. Presentamos los principales productos de cada una de nuestras empresas. Los diferentes equipos comerciales han estado muy ocupados durante los tres d\u00edas, y los Chefs Javier Andrade y Snorri no han parado de servir deliciosas especialidades con nuestros productos.<\/p>\n<p>El d\u00eda 27, el stand acogi\u00f3 tambi\u00e9n un almuerzo para una importante representaci\u00f3n de la industria pesquera islandesa que hab\u00eda participado en una reuni\u00f3n con la Ministra de Pesca.<\/p>\n<p>Queremos dar las gracias a nuestros amigos, clientes y proveedores que han hecho de Barcelona Seafood Expo Global una de las ferias m\u00e1s exitosas, concurridas y divertidas de los \u00faltimos a\u00f1os.<\/p>\n<p>\u00a1Esperamos verles el a\u00f1o que viene!<\/p>\n\t\t\t\t\t\t\t<\/div>\r\n\t\t\t\t\t\t\t\t\t\t<\/div>\n\t\t\t\t<\/div>\n\t\t\t\t\t<\/div>\n\t\t\t\t<\/div>\n\t\t\t\t<\/div>\n\t\t","protected":false},"excerpt":{"rendered":"<p>La edici\u00f3n 2023 de Barcelona Seafood Expo Global se celebr\u00f3 del 24 al 27 de abril y ocup\u00f3 49.500 metros cuadrados de exposici\u00f3n, lo que supone un incremento del 24% respecto al a\u00f1o pasado y un 21% m\u00e1s que la edici\u00f3n de 2019 en Bruselas (B\u00e9lgica), anterior ubicaci\u00f3n de la feria.<\/p>\n","protected":false},"author":2,"featured_media":9816,"comment_status":"closed","ping_status":"closed","sticky":false,"template":"single-fullwidth.php","format":"standard","meta":{"_acf_changed":false,"footnotes":""},"categories":[1],"tags":[],"class_list":{"0":"post-11824","1":"post","2":"type-post","3":"status-publish","4":"format-standard","5":"has-post-thumbnail","7":"category-news"},"acf":[],"menu_order":0,"_links":{"self":[{"href":"https:\/\/icelandseafood.com\/es\/wp-json\/wp\/v2\/posts\/11824","targetHints":{"allow":["GET"]}}],"collection":[{"href":"https:\/\/icelandseafood.com\/es\/wp-json\/wp\/v2\/posts"}],"about":[{"href":"https:\/\/icelandseafood.com\/es\/wp-json\/wp\/v2\/types\/post"}],"author":[{"embeddable":true,"href":"https:\/\/icelandseafood.com\/es\/wp-json\/wp\/v2\/users\/2"}],"replies":[{"embeddable":true,"href":"https:\/\/icelandseafood.com\/es\/wp-json\/wp\/v2\/comments?post=11824"}],"version-history":[{"count":1,"href":"https:\/\/icelandseafood.com\/es\/wp-json\/wp\/v2\/posts\/11824\/revisions"}],"predecessor-version":[{"id":11825,"href":"https:\/\/icelandseafood.com\/es\/wp-json\/wp\/v2\/posts\/11824\/revisions\/11825"}],"wp:featuredmedia":[{"embeddable":true,"href":"https:\/\/icelandseafood.com\/es\/wp-json\/wp\/v2\/media\/9816"}],"wp:attachment":[{"href":"https:\/\/icelandseafood.com\/es\/wp-json\/wp\/v2\/media?parent=11824"}],"wp:term":[{"taxonomy":"category","embeddable":true,"href":"https:\/\/icelandseafood.com\/es\/wp-json\/wp\/v2\/categories?post=11824"},{"taxonomy":"post_tag","embeddable":true,"href":"https:\/\/icelandseafood.com\/es\/wp-json\/wp\/v2\/tags?post=11824"}],"curies":[{"name":"wp","href":"https:\/\/api.w.org\/{rel}","templated":true}]}}