{"id":20759,"date":"2026-02-23T11:22:26","date_gmt":"2026-02-23T11:22:26","guid":{"rendered":"https:\/\/icelandseafood.com\/?p=20759"},"modified":"2026-02-23T11:28:00","modified_gmt":"2026-02-23T11:28:00","slug":"wir-sind-aktuell-auf-der-fish-international-in-bremen","status":"publish","type":"post","link":"https:\/\/icelandseafood.com\/de\/wir-sind-aktuell-auf-der-fish-international-in-bremen\/","title":{"rendered":"Wir sind aktuell auf der Fish International in Bremen"},"content":{"rendered":"\t\t<div data-elementor-type=\"wp-post\" data-elementor-id=\"20759\" class=\"elementor elementor-20759 elementor-20758\" data-elementor-post-type=\"post\">\n\t\t\t\t<div class=\"elementor-element elementor-element-768a157 thegem-e-con-layout-elementor e-flex e-con-boxed e-con e-parent\" data-id=\"768a157\" data-element_type=\"container\" data-e-type=\"container\" data-settings=\"{&quot;thegem_container_layout&quot;:&quot;elementor&quot;}\">\r\n\t\t\t\t\t<div class=\"e-con-inner\">\r\n\t\t\t\t<div class=\"elementor-element elementor-element-ab5cc92 flex-horizontal-align-default flex-horizontal-align-tablet-default flex-horizontal-align-mobile-default flex-vertical-align-default flex-vertical-align-tablet-default flex-vertical-align-mobile-default elementor-widget elementor-widget-text-editor\" data-id=\"ab5cc92\" data-element_type=\"widget\" data-e-type=\"widget\" data-widget_type=\"text-editor.default\">\n\t\t\t\t<div class=\"elementor-widget-container\">\n\t\t\t\t\t\t\t\t\t\t\t\t<div class=\"elementor-text-editor elementor-clearfix\">\r\n\t\t\t\t\t\t<p data-start=\"3176\" data-end=\"3546\">Als einzige Fachmesse in Deutschland, die sich ausschlie\u00dflich Fisch und Seafood widmet, bringt die Fish International Fachleute aus Einzelhandel, Gro\u00dfhandel und Gastronomie aus ganz Europa zusammen. Sie bietet eine wertvolle Gelegenheit, sich \u00fcber Marktentwicklungen, Nachhaltigkeit, Produktinnovationen und die t\u00e4glichen Herausforderungen unserer Branche auszutauschen.<\/p>\n<p><\/p>\n<p data-start=\"3548\" data-end=\"3774\">Iceland Seafood wird hier durch unsere deutsche Gesellschaft vertreten, und unser Team nutzt die Messe, um langj\u00e4hrige Partner wiederzutreffen, neue Kontakte zu kn\u00fcpfen und offen \u00fcber die aktuelle Marktentwicklung zu sprechen.<\/p>\n<p><\/p>\n<p data-start=\"3776\" data-end=\"3805\"><strong>Sie finden uns am Stand 5J44.<\/strong><\/p>\n<p><\/p>\n<p data-start=\"3807\" data-end=\"3946\">Wenn Sie die Fish International besuchen, schauen Sie gerne bei uns vorbei. Wir freuen uns auf Ihren Besuch und den pers\u00f6nlichen Austausch.<\/p>\n<p><\/p>\n<p data-start=\"3948\" data-end=\"3967\" data-is-last-node=\"\" data-is-only-node=\"\"><strong>Bis bald in Bremen!<\/strong><\/p>\n\t\t\t\t\t\t\t<\/div>\r\n\t\t\t\t\t\t\t\t\t\t<\/div>\n\t\t\t\t<\/div>\n\t\t\t\t\t<\/div>\n\t\t\t\t<\/div>\n\t\t\t\t<\/div>\n\t\t","protected":false},"excerpt":{"rendered":"<p>Als einzige Fachmesse in Deutschland, die sich ausschlie\u00dflich Fisch und Seafood widmet, bringt die Fish International Fachleute aus Einzelhandel, Gro\u00dfhandel&#8230;<\/p>\n","protected":false},"author":4,"featured_media":20774,"comment_status":"open","ping_status":"open","sticky":false,"template":"single-fullwidth.php","format":"standard","meta":{"_acf_changed":false,"footnotes":""},"categories":[1],"tags":[],"class_list":{"0":"post-20759","1":"post","2":"type-post","3":"status-publish","4":"format-standard","5":"has-post-thumbnail","7":"category-news"},"acf":[],"menu_order":0,"_links":{"self":[{"href":"https:\/\/icelandseafood.com\/de\/wp-json\/wp\/v2\/posts\/20759","targetHints":{"allow":["GET"]}}],"collection":[{"href":"https:\/\/icelandseafood.com\/de\/wp-json\/wp\/v2\/posts"}],"about":[{"href":"https:\/\/icelandseafood.com\/de\/wp-json\/wp\/v2\/types\/post"}],"author":[{"embeddable":true,"href":"https:\/\/icelandseafood.com\/de\/wp-json\/wp\/v2\/users\/4"}],"replies":[{"embeddable":true,"href":"https:\/\/icelandseafood.com\/de\/wp-json\/wp\/v2\/comments?post=20759"}],"version-history":[{"count":4,"href":"https:\/\/icelandseafood.com\/de\/wp-json\/wp\/v2\/posts\/20759\/revisions"}],"predecessor-version":[{"id":20789,"href":"https:\/\/icelandseafood.com\/de\/wp-json\/wp\/v2\/posts\/20759\/revisions\/20789"}],"wp:featuredmedia":[{"embeddable":true,"href":"https:\/\/icelandseafood.com\/de\/wp-json\/wp\/v2\/media\/20774"}],"wp:attachment":[{"href":"https:\/\/icelandseafood.com\/de\/wp-json\/wp\/v2\/media?parent=20759"}],"wp:term":[{"taxonomy":"category","embeddable":true,"href":"https:\/\/icelandseafood.com\/de\/wp-json\/wp\/v2\/categories?post=20759"},{"taxonomy":"post_tag","embeddable":true,"href":"https:\/\/icelandseafood.com\/de\/wp-json\/wp\/v2\/tags?post=20759"}],"curies":[{"name":"wp","href":"https:\/\/api.w.org\/{rel}","templated":true}]}}