{"id":16529,"date":"2025-08-01T10:09:19","date_gmt":"2025-08-01T10:09:19","guid":{"rendered":"https:\/\/icelandseafood.com\/iceland-seafood-auf-der-conxemar-2025\/"},"modified":"2025-10-14T11:36:42","modified_gmt":"2025-10-14T11:36:42","slug":"iceland-seafood-auf-der-conxemar-2025","status":"publish","type":"post","link":"https:\/\/icelandseafood.com\/de\/iceland-seafood-auf-der-conxemar-2025\/","title":{"rendered":"Iceland Seafood auf der Conxemar 2025"},"content":{"rendered":"\t\t<div data-elementor-type=\"wp-post\" data-elementor-id=\"16529\" class=\"elementor elementor-16529 elementor-16497\" data-elementor-post-type=\"post\">\n\t\t\t\t<div class=\"elementor-element elementor-element-85db008 thegem-e-con-layout-thegem e-con-full e-flex e-con e-child\" data-id=\"85db008\" data-element_type=\"container\" data-e-type=\"container\" data-settings=\"{&quot;thegem_container_layout&quot;:&quot;thegem&quot;}\">\r\n\t\t\t\t<div class=\"elementor-element elementor-element-1818571 flex-horizontal-align-default flex-horizontal-align-tablet-default flex-horizontal-align-mobile-default flex-vertical-align-default flex-vertical-align-tablet-default flex-vertical-align-mobile-default elementor-widget elementor-widget-text-editor\" data-id=\"1818571\" data-element_type=\"widget\" data-e-type=\"widget\" data-widget_type=\"text-editor.default\">\n\t\t\t\t<div class=\"elementor-widget-container\">\n\t\t\t\t\t\t\t\t\t\t\t\t<div class=\"elementor-text-editor elementor-clearfix\">\r\n\t\t\t\t\t\t<p>Die Conxemar gilt als der bedeutendste Treffpunkt f\u00fcr die gesamte Tiefk\u00fchlfischbranche in Europa. Sie bringt Gro\u00dfh\u00e4ndler, Importeure, Exporteure, Verarbeiter, Distributoren, Betreiber von K\u00fchlh\u00e4usern, Maschinenlieferanten und Zuliefererindustrien unter einem Dach zusammen. An den drei Messetagen pr\u00e4sentieren mehr als 760 Aussteller aus 46 L\u00e4ndern aktuelle Trends, Innovationen und Nachhaltigkeitsinitiativen der Branche.<\/p>\n\t\t\t\t\t\t\t<\/div>\r\n\t\t\t\t\t\t\t\t\t\t<\/div>\n\t\t\t\t<\/div>\n\t\t<div class=\"elementor-element elementor-element-85597c9 e-con-full thegem-e-con-layout-elementor e-flex e-con e-child\" data-id=\"85597c9\" data-element_type=\"container\" data-e-type=\"container\" data-settings=\"{&quot;thegem_container_layout&quot;:&quot;elementor&quot;}\">\r\n\t\t\t\t<div class=\"elementor-element elementor-element-a253cbc flex-horizontal-align-default flex-horizontal-align-tablet-default flex-horizontal-align-mobile-default flex-vertical-align-default flex-vertical-align-tablet-default flex-vertical-align-mobile-default elementor-widget elementor-widget-text-editor\" data-id=\"a253cbc\" data-element_type=\"widget\" data-e-type=\"widget\" data-widget_type=\"text-editor.default\">\n\t\t\t\t<div class=\"elementor-widget-container\">\n\t\t\t\t\t\t\t\t\t\t\t\t<div class=\"elementor-text-editor elementor-clearfix\">\r\n\t\t\t\t\t\t<p>Wie gewohnt finden Sie uns an unserem bekannten Standort:<br \/>Stand 1A40<\/p>\n\t\t\t\t\t\t\t<\/div>\r\n\t\t\t\t\t\t\t\t\t\t<\/div>\n\t\t\t\t<\/div>\n\t\t\t\t<\/div>\n\t\t\t\t<div class=\"elementor-element elementor-element-7c2c0cb flex-horizontal-align-default flex-horizontal-align-tablet-default flex-horizontal-align-mobile-default flex-vertical-align-default flex-vertical-align-tablet-default flex-vertical-align-mobile-default elementor-widget elementor-widget-text-editor\" data-id=\"7c2c0cb\" data-element_type=\"widget\" data-e-type=\"widget\" data-widget_type=\"text-editor.default\">\n\t\t\t\t<div class=\"elementor-widget-container\">\n\t\t\t\t\t\t\t\t\t\t\t\t<div class=\"elementor-text-editor elementor-clearfix\">\r\n\t\t\t\t\t\t<p>An Stand 1A40 freut sich unser Expertenteam, Ihnen unsere neuesten Produktinnovationen vorzustellen \u2013 darunter nachhaltig gefangener Wei\u00dffisch, hochwertige Schalentiere und veredelte Meeresfr\u00fcchte-L\u00f6sungen, ma\u00dfgeschneidert f\u00fcr die europ\u00e4ischen M\u00e4rkte. Zudem pr\u00e4sentieren wir unsere neuesten Fortschritte im nachhaltigen Fischereimanagement sowie ma\u00dfgeschneiderte Logistikl\u00f6sungen mit h\u00f6chsten Standards in Qualit\u00e4t, R\u00fcckverfolgbarkeit und Lebensmittelsicherheit.<\/p>\n<p>Wir freuen uns darauf, Sie an unserem Stand zu begr\u00fc\u00dfen \u2013 zu pers\u00f6nlichen Gespr\u00e4chen, Produktverkostungen und einem intensiven Austausch dar\u00fcber, wie wir Ihre Gesch\u00e4ftsziele 2026 und dar\u00fcber hinaus unterst\u00fctzen k\u00f6nnen. Vereinbaren Sie gerne im Voraus einen Termin oder kommen Sie einfach vorbei \u2013 wir freuen uns auf Sie!<\/p>\n\t\t\t\t\t\t\t<\/div>\r\n\t\t\t\t\t\t\t\t\t\t<\/div>\n\t\t\t\t<\/div>\n\t\t\t\t<\/div>\n\t\t\t\t<\/div>\n\t\t","protected":false},"excerpt":{"rendered":"<p>Wir freuen uns sehr, bekannt zu geben, dass Iceland Seafood auch 2025 wieder auf der Conxemar vertreten sein wird \u2013 der f\u00fchrenden internationalen Fachmesse f\u00fcr Tiefk\u00fchlfisch und Meeresfr\u00fcchte, die vom 7. bis 9. Oktober 2025 im Messezentrum Vigo (IFEVI) stattfindet.<\/p>\n","protected":false},"author":4,"featured_media":16500,"comment_status":"open","ping_status":"open","sticky":false,"template":"single-fullwidth.php","format":"standard","meta":{"_acf_changed":false,"footnotes":""},"categories":[1],"tags":[],"class_list":{"0":"post-16529","1":"post","2":"type-post","3":"status-publish","4":"format-standard","5":"has-post-thumbnail","7":"category-news"},"acf":[],"menu_order":0,"_links":{"self":[{"href":"https:\/\/icelandseafood.com\/de\/wp-json\/wp\/v2\/posts\/16529","targetHints":{"allow":["GET"]}}],"collection":[{"href":"https:\/\/icelandseafood.com\/de\/wp-json\/wp\/v2\/posts"}],"about":[{"href":"https:\/\/icelandseafood.com\/de\/wp-json\/wp\/v2\/types\/post"}],"author":[{"embeddable":true,"href":"https:\/\/icelandseafood.com\/de\/wp-json\/wp\/v2\/users\/4"}],"replies":[{"embeddable":true,"href":"https:\/\/icelandseafood.com\/de\/wp-json\/wp\/v2\/comments?post=16529"}],"version-history":[{"count":1,"href":"https:\/\/icelandseafood.com\/de\/wp-json\/wp\/v2\/posts\/16529\/revisions"}],"predecessor-version":[{"id":16530,"href":"https:\/\/icelandseafood.com\/de\/wp-json\/wp\/v2\/posts\/16529\/revisions\/16530"}],"wp:featuredmedia":[{"embeddable":true,"href":"https:\/\/icelandseafood.com\/de\/wp-json\/wp\/v2\/media\/16500"}],"wp:attachment":[{"href":"https:\/\/icelandseafood.com\/de\/wp-json\/wp\/v2\/media?parent=16529"}],"wp:term":[{"taxonomy":"category","embeddable":true,"href":"https:\/\/icelandseafood.com\/de\/wp-json\/wp\/v2\/categories?post=16529"},{"taxonomy":"post_tag","embeddable":true,"href":"https:\/\/icelandseafood.com\/de\/wp-json\/wp\/v2\/tags?post=16529"}],"curies":[{"name":"wp","href":"https:\/\/api.w.org\/{rel}","templated":true}]}}