{"id":15473,"date":"2025-05-13T16:19:34","date_gmt":"2025-05-13T16:19:34","guid":{"rendered":"https:\/\/icelandseafood.com\/ein-messeauftritt-fuer-die-geschichtsbuecher-seafood-expo-global-in-barcelona\/"},"modified":"2025-05-13T18:52:34","modified_gmt":"2025-05-13T18:52:34","slug":"ein-messeauftritt-fuer-die-geschichtsbuecher-seafood-expo-global-in-barcelona","status":"publish","type":"post","link":"https:\/\/icelandseafood.com\/de\/ein-messeauftritt-fuer-die-geschichtsbuecher-seafood-expo-global-in-barcelona\/","title":{"rendered":"Ein Messeauftritt f\u00fcr die Geschichtsb\u00fccher \u2013 Seafood Expo Global in Barcelona"},"content":{"rendered":"\t\t<div data-elementor-type=\"wp-post\" data-elementor-id=\"15473\" class=\"elementor elementor-15473 elementor-15458\" data-elementor-post-type=\"post\">\n\t\t\t\t<div class=\"elementor-element elementor-element-41827c6 thegem-e-con-layout-thegem e-flex e-con-boxed e-con e-parent\" data-id=\"41827c6\" data-element_type=\"container\" data-e-type=\"container\" data-settings=\"{&quot;thegem_container_layout&quot;:&quot;thegem&quot;}\">\r\n\t\t\t\t\t<div class=\"e-con-inner\">\r\n\t\t\t\t<div class=\"elementor-element elementor-element-de09d30 flex-horizontal-align-default flex-horizontal-align-tablet-default flex-horizontal-align-mobile-default flex-vertical-align-default flex-vertical-align-tablet-default flex-vertical-align-mobile-default elementor-widget elementor-widget-text-editor\" data-id=\"de09d30\" data-element_type=\"widget\" data-e-type=\"widget\" data-widget_type=\"text-editor.default\">\n\t\t\t\t<div class=\"elementor-widget-container\">\n\t\t\t\t\t\t\t\t\t\t\t\t<div class=\"elementor-text-editor elementor-clearfix\">\r\n\t\t\t\t\t\t<p class=\"\" data-start=\"2463\" data-end=\"2904\">W\u00e4hrend der drei intensiven Tage trafen wir auf Lieferanten, Eink\u00e4ufer und Branchenexperten aus aller Welt, st\u00e4rkten bestehende Beziehungen und legten den Grundstein f\u00fcr neue Partnerschaften.<\/p>\n<p class=\"\" data-start=\"2906\" data-end=\"3392\"><strong data-start=\"2906\" data-end=\"2927\">Zahlen und Fakten<\/strong><br data-start=\"2927\" data-end=\"2930\">Die Seafood Expo Global 2025 belegte eine Nettoausstellungsfl\u00e4che von 51.217 m\u00b2 \u2013 die gr\u00f6\u00dfte in ihrer Geschichte.<br data-start=\"3043\" data-end=\"3046\">2.187 Aussteller aus 87 L\u00e4ndern pr\u00e4sentierten ihre Neuheiten in 68 nationalen und regionalen Pavillons, womit Barcelona zum globalen Mittelpunkt der Branche wurde.<br data-start=\"3209\" data-end=\"3212\">Mehr als 35.000 Fachleute aus dem Bereich Meeresfr\u00fcchte nahmen teil, um Trends, Innovationen und Gesch\u00e4ftschancen zu entdecken \u2013 ein neuer Rekord im Vergleich zu fr\u00fcheren Ausgaben.<\/p>\n<p class=\"\" data-start=\"3394\" data-end=\"4425\"><strong data-start=\"3394\" data-end=\"3427\">Iceland Seafood auf der Messe<\/strong><br data-start=\"3427\" data-end=\"3430\">An Stand 2G701 pr\u00e4sentierten wir unser gesamtes Portfolio \u2013 vom bekannten Kabeljau bis zur argentinischen Riesengarnele, sowie Neuheiten wie isl\u00e4ndischen Lachs und die Lachsspezialit\u00e4ten von Ahumados Dom\u00ednguez und Oceanpath.<br data-start=\"3654\" data-end=\"3657\">Dank der Zusammenarbeit unserer Vertriebs-, Marketing- und Operationsteams f\u00fchrten wir \u00fcber 150 Meetings durch und kamen mit Lieferanten, Kunden und Distributoren zu ersten Vorabvereinbarungen.<br data-start=\"3850\" data-end=\"3853\">Besonders positiv wurden unsere Initiativen im Bereich Nachhaltigkeit und R\u00fcckverfolgbarkeit aufgenommen \u2013 ein Beleg f\u00fcr unsere globale Wachstumsstrategie.<br data-start=\"4008\" data-end=\"4011\">Unsere K\u00f6che servierten mehr als 700 Kostproben mit unseren Produkten, die bei den Standbesuchern gro\u00dfen Anklang fanden.<br data-start=\"4131\" data-end=\"4134\">Nach diesem erfolgreichen Messeauftritt planen wir bereits unsere Teilnahme an der n\u00e4chsten Seafood Expo Global, die vom 21. bis 23. April 2026 am selben Ort stattfinden wird \u2013 mit dem Ziel, weiterhin zu innovieren und unsere f\u00fchrende Position im globalen Markt f\u00fcr Meeresfr\u00fcchte auszubauen.<\/p>\n<p class=\"\" data-start=\"4427\" data-end=\"4502\">Vielen Dank f\u00fcr Ihren Besuch. Wir sehen uns auf der Seafood Barcelona 2026!<\/p>\n\t\t\t\t\t\t\t<\/div>\r\n\t\t\t\t\t\t\t\t\t\t<\/div>\n\t\t\t\t<\/div>\n\t\t\t\t\t<\/div>\n\t\t\t\t<\/div>\n\t\t\t\t<\/div>\n\t\t","protected":false},"excerpt":{"rendered":"<p>Bei unserer Teilnahme an der 31. Ausgabe der Seafood Expo Global\/Seafood Processing Global, die vom 6. bis 8. Mai 2025 in der Fira Barcelona Gran Via stattfand, haben wir unser Engagement f\u00fcr Qualit\u00e4t und Nachhaltigkeit erneut unter Beweis gestellt.<\/p>\n","protected":false},"author":4,"featured_media":15461,"comment_status":"open","ping_status":"open","sticky":false,"template":"single-fullwidth.php","format":"standard","meta":{"_acf_changed":false,"footnotes":""},"categories":[1],"tags":[],"class_list":{"0":"post-15473","1":"post","2":"type-post","3":"status-publish","4":"format-standard","5":"has-post-thumbnail","7":"category-news"},"acf":[],"menu_order":0,"_links":{"self":[{"href":"https:\/\/icelandseafood.com\/de\/wp-json\/wp\/v2\/posts\/15473","targetHints":{"allow":["GET"]}}],"collection":[{"href":"https:\/\/icelandseafood.com\/de\/wp-json\/wp\/v2\/posts"}],"about":[{"href":"https:\/\/icelandseafood.com\/de\/wp-json\/wp\/v2\/types\/post"}],"author":[{"embeddable":true,"href":"https:\/\/icelandseafood.com\/de\/wp-json\/wp\/v2\/users\/4"}],"replies":[{"embeddable":true,"href":"https:\/\/icelandseafood.com\/de\/wp-json\/wp\/v2\/comments?post=15473"}],"version-history":[{"count":2,"href":"https:\/\/icelandseafood.com\/de\/wp-json\/wp\/v2\/posts\/15473\/revisions"}],"predecessor-version":[{"id":15485,"href":"https:\/\/icelandseafood.com\/de\/wp-json\/wp\/v2\/posts\/15473\/revisions\/15485"}],"wp:featuredmedia":[{"embeddable":true,"href":"https:\/\/icelandseafood.com\/de\/wp-json\/wp\/v2\/media\/15461"}],"wp:attachment":[{"href":"https:\/\/icelandseafood.com\/de\/wp-json\/wp\/v2\/media?parent=15473"}],"wp:term":[{"taxonomy":"category","embeddable":true,"href":"https:\/\/icelandseafood.com\/de\/wp-json\/wp\/v2\/categories?post=15473"},{"taxonomy":"post_tag","embeddable":true,"href":"https:\/\/icelandseafood.com\/de\/wp-json\/wp\/v2\/tags?post=15473"}],"curies":[{"name":"wp","href":"https:\/\/api.w.org\/{rel}","templated":true}]}}