{"id":14852,"date":"2025-04-07T10:05:46","date_gmt":"2025-04-07T10:05:46","guid":{"rendered":"https:\/\/icelandseafood.com\/iceland-seafood-wird-auf-der-barcelona-seafood-expo-2025-ausstellen\/"},"modified":"2025-04-10T09:26:09","modified_gmt":"2025-04-10T09:26:09","slug":"iceland-seafood-wird-auf-der-barcelona-seafood-expo-2025-ausstellen","status":"publish","type":"post","link":"https:\/\/icelandseafood.com\/de\/iceland-seafood-wird-auf-der-barcelona-seafood-expo-2025-ausstellen\/","title":{"rendered":"Iceland Seafood wird auf der Barcelona Seafood Expo 2025 ausstellen"},"content":{"rendered":"\t\t<div data-elementor-type=\"wp-post\" data-elementor-id=\"14852\" class=\"elementor elementor-14852 elementor-14757\" data-elementor-post-type=\"post\">\n\t\t\t\t<div class=\"elementor-element elementor-element-b840140 thegem-e-con-layout-thegem e-flex e-con-boxed e-con e-parent\" data-id=\"b840140\" data-element_type=\"container\" data-e-type=\"container\" data-settings=\"{&quot;thegem_container_layout&quot;:&quot;thegem&quot;}\">\r\n\t\t\t\t\t<div class=\"e-con-inner\">\r\n\t\t\t\t<div class=\"elementor-element elementor-element-53885ae flex-horizontal-align-default flex-horizontal-align-tablet-default flex-horizontal-align-mobile-default flex-vertical-align-default flex-vertical-align-tablet-default flex-vertical-align-mobile-default elementor-widget elementor-widget-text-editor\" data-id=\"53885ae\" data-element_type=\"widget\" data-e-type=\"widget\" data-widget_type=\"text-editor.default\">\n\t\t\t\t<div class=\"elementor-widget-container\">\n\t\t\t\t\t\t\t\t\t\t\t\t<div class=\"elementor-text-editor elementor-clearfix\">\r\n\t\t\t\t\t\t<p>Aufbauend auf dem Erfolg des letzten Jahres freuen wir uns, mit der gleichen dynamischen Pr\u00e4senz zur\u00fcckzukehren &#8211; und dieses Jahr, wie in den vergangenen Jahren, werden wir am Stand #2G701 zu finden sein.<\/p>\n<p>An unserem Stand werden die Besucher eine erstklassige Auswahl an Meeresfr\u00fcchten entdecken, wobei der Schwerpunkt auf isl\u00e4ndischem Kabeljau, Lachs und Garnelen liegt. Unsere Expertenteams werden vor Ort sein, um Einblicke in unser Engagement f\u00fcr Qualit\u00e4t, Nachhaltigkeit und Innovation in unserer gesamten Produktpalette zu geben.<\/p>\n\t\t\t\t\t\t\t<\/div>\r\n\t\t\t\t\t\t\t\t\t\t<\/div>\n\t\t\t\t<\/div>\n\t\t<div class=\"elementor-element elementor-element-d7dfbb8 e-con-full thegem-e-con-layout-elementor e-flex e-con e-child\" data-id=\"d7dfbb8\" data-element_type=\"container\" data-e-type=\"container\" data-settings=\"{&quot;thegem_container_layout&quot;:&quot;elementor&quot;}\">\r\n\t\t\t\t<div class=\"elementor-element elementor-element-dfc96be flex-horizontal-align-default flex-horizontal-align-tablet-default flex-horizontal-align-mobile-default flex-vertical-align-default flex-vertical-align-tablet-default flex-vertical-align-mobile-default elementor-widget elementor-widget-text-editor\" data-id=\"dfc96be\" data-element_type=\"widget\" data-e-type=\"widget\" data-widget_type=\"text-editor.default\">\n\t\t\t\t<div class=\"elementor-widget-container\">\n\t\t\t\t\t\t\t\t\t\t\t\t<div class=\"elementor-text-editor elementor-clearfix\">\r\n\t\t\t\t\t\t<p>An unserem Stand #2G701 finden Sie alle Unternehmen der Iceland Seafood Familie:<\/p>\n<p>&#8211; Island Seafood Island<br \/>\n&#8211; Island Seafood Ib\u00e9rica<br \/>\n&#8211; Iceland Seafood Deutschland<br \/>\n&#8211; Island Seafood France<br \/>\n&#8211; Achernar<br \/>\n&#8211; Oceanpath<br \/>\n&#8211; Ahumados Dom\u00ednguez<\/p>\n\t\t\t\t\t\t\t<\/div>\r\n\t\t\t\t\t\t\t\t\t\t<\/div>\n\t\t\t\t<\/div>\n\t\t\t\t<\/div>\n\t\t\t\t<div class=\"elementor-element elementor-element-c36f8ec flex-horizontal-align-default flex-horizontal-align-tablet-default flex-horizontal-align-mobile-default flex-vertical-align-default flex-vertical-align-tablet-default flex-vertical-align-mobile-default elementor-widget elementor-widget-text-editor\" data-id=\"c36f8ec\" data-element_type=\"widget\" data-e-type=\"widget\" data-widget_type=\"text-editor.default\">\n\t\t\t\t<div class=\"elementor-widget-container\">\n\t\t\t\t\t\t\t\t\t\t\t\t<div class=\"elementor-text-editor elementor-clearfix\">\r\n\t\t\t\t\t\t<p>Wir laden alle Fachleute, Eink\u00e4ufer und Partner der Branche ein, unseren Stand zu besuchen, unser vielf\u00e4ltiges Angebot zu erkunden und die neuesten Trends auf dem globalen Seafood-Markt zu diskutieren. Wir freuen uns darauf, unser Erbe und unser Fachwissen zu pr\u00e4sentieren und neue M\u00f6glichkeiten auf dieser f\u00fchrenden Veranstaltung in Barcelona zu erschlie\u00dfen.<\/p>\n<p>F\u00fcr weitere Informationen \u00fcber unsere Teilnahme an der Veranstaltung wenden Sie sich bitte an Ihren Ansprechpartner im Unternehmen. Wir freuen uns darauf, Sie in Barcelona zu sehen!<\/p>\n\t\t\t\t\t\t\t<\/div>\r\n\t\t\t\t\t\t\t\t\t\t<\/div>\n\t\t\t\t<\/div>\n\t\t\t\t<div class=\"elementor-element elementor-element-392dbc5 flex-horizontal-align-default flex-horizontal-align-tablet-default flex-horizontal-align-mobile-default flex-vertical-align-default flex-vertical-align-tablet-default flex-vertical-align-mobile-default elementor-widget elementor-widget-video\" data-id=\"392dbc5\" data-element_type=\"widget\" data-e-type=\"widget\" data-settings=\"{&quot;youtube_url&quot;:&quot;https:\\\/\\\/youtu.be\\\/DAI3JM1HiV4&quot;,&quot;video_type&quot;:&quot;youtube&quot;,&quot;controls&quot;:&quot;yes&quot;}\" data-widget_type=\"video.default\">\n\t\t\t\t<div class=\"elementor-widget-container\">\n\t\t\t\t\t\t\t<div class=\"elementor-wrapper elementor-open-inline\">\n\t\t\t<div class=\"elementor-video\"><\/div>\t\t<\/div>\n\t\t\t\t\t\t<\/div>\n\t\t\t\t<\/div>\n\t\t\t\t\t<\/div>\n\t\t\t\t<\/div>\n\t\t\t\t<\/div>\n\t\t","protected":false},"excerpt":{"rendered":"<p>Iceland Seafood ist stolz darauf, seine Teilnahme an der kommenden Barcelona Seafood Expo 2025 anzuk\u00fcndigen, die vom 6. bis 8. Mai 2025 in der Fira de Barcelona Gran Via stattfinden wird. <\/p>\n","protected":false},"author":4,"featured_media":0,"comment_status":"closed","ping_status":"closed","sticky":false,"template":"single-fullwidth.php","format":"standard","meta":{"_acf_changed":false,"footnotes":""},"categories":[1],"tags":[],"class_list":{"0":"post-14852","1":"post","2":"type-post","3":"status-publish","4":"format-standard","6":"category-news"},"acf":[],"menu_order":0,"_links":{"self":[{"href":"https:\/\/icelandseafood.com\/de\/wp-json\/wp\/v2\/posts\/14852","targetHints":{"allow":["GET"]}}],"collection":[{"href":"https:\/\/icelandseafood.com\/de\/wp-json\/wp\/v2\/posts"}],"about":[{"href":"https:\/\/icelandseafood.com\/de\/wp-json\/wp\/v2\/types\/post"}],"author":[{"embeddable":true,"href":"https:\/\/icelandseafood.com\/de\/wp-json\/wp\/v2\/users\/4"}],"replies":[{"embeddable":true,"href":"https:\/\/icelandseafood.com\/de\/wp-json\/wp\/v2\/comments?post=14852"}],"version-history":[{"count":1,"href":"https:\/\/icelandseafood.com\/de\/wp-json\/wp\/v2\/posts\/14852\/revisions"}],"predecessor-version":[{"id":14853,"href":"https:\/\/icelandseafood.com\/de\/wp-json\/wp\/v2\/posts\/14852\/revisions\/14853"}],"wp:attachment":[{"href":"https:\/\/icelandseafood.com\/de\/wp-json\/wp\/v2\/media?parent=14852"}],"wp:term":[{"taxonomy":"category","embeddable":true,"href":"https:\/\/icelandseafood.com\/de\/wp-json\/wp\/v2\/categories?post=14852"},{"taxonomy":"post_tag","embeddable":true,"href":"https:\/\/icelandseafood.com\/de\/wp-json\/wp\/v2\/tags?post=14852"}],"curies":[{"name":"wp","href":"https:\/\/api.w.org\/{rel}","templated":true}]}}